{"id":3921,"date":"2018-09-21T19:05:11","date_gmt":"2018-09-21T17:05:11","guid":{"rendered":"http:\/\/www.gebirgsverein-services.at\/gruppen\/2018\/09\/21\/einladung-zur-herbstwanderung-2018\/"},"modified":"2019-03-13T17:40:27","modified_gmt":"2019-03-13T16:40:27","slug":"einladung-zur-herbstwanderung-2018","status":"publish","type":"post","link":"https:\/\/www.gebirgsverein-services.at\/gruppen\/2018\/09\/21\/einladung-zur-herbstwanderung-2018\/","title":{"rendered":"Einladung zur Herbstwanderung 2018"},"content":{"rendered":"<p><img decoding=\"async\" width=\"300\" height=\"200\" class=\"size-medium wp-image-4117 alignleft lazyload\" alt=\"\" data-src=\"http:\/\/www.gebirgsverein-services.at\/gruppen\/wp-content\/uploads\/2018\/09\/13558999_1707137156219341_582882573174719417_o-300x200.jpg\" data-srcset=\"https:\/\/www.gebirgsverein-services.at\/gruppen\/wp-content\/uploads\/2018\/09\/13558999_1707137156219341_582882573174719417_o-300x200.jpg 300w, https:\/\/www.gebirgsverein-services.at\/gruppen\/wp-content\/uploads\/2018\/09\/13558999_1707137156219341_582882573174719417_o-768x511.jpg 768w, https:\/\/www.gebirgsverein-services.at\/gruppen\/wp-content\/uploads\/2018\/09\/13558999_1707137156219341_582882573174719417_o-1024x681.jpg 1024w, https:\/\/www.gebirgsverein-services.at\/gruppen\/wp-content\/uploads\/2018\/09\/13558999_1707137156219341_582882573174719417_o-570x379.jpg 570w, https:\/\/www.gebirgsverein-services.at\/gruppen\/wp-content\/uploads\/2018\/09\/13558999_1707137156219341_582882573174719417_o.jpg 2048w\" data-sizes=\"(max-width: 300px) 100vw, 300px\" src=\"data:image\/svg+xml;base64,PHN2ZyB3aWR0aD0iMSIgaGVpZ2h0PSIxIiB4bWxucz0iaHR0cDovL3d3dy53My5vcmcvMjAwMC9zdmciPjwvc3ZnPg==\" style=\"--smush-placeholder-width: 300px; --smush-placeholder-aspect-ratio: 300\/200;\" \/>Wir fahren mit dem Bus nach Annaberg und wandern auf den Tirolerkogel, wo wir einen kurzen Zwischenstopp im neuen Annabergerhaus einlegen. Von dort wandern wir \u00fcber den Sommerweg weiter nach \u00d6sterleinbrunn, wo die Bergrettung Ortsstelle St. P\u00f6lten den <a href=\"https:\/\/stpoelten.bergrettung-nw.at\/news\/tdot2018\/\" target=\"_blank\" rel=\"noopener noreferrer\">Tag der offenen H\u00fcttent\u00fcr<\/a> veranstaltet. Gegen eine freiwillige Spende gibt\u2019s Speisen und Getr\u00e4nke. Hier verbringen wir unsere Mittagspause. Danach gehen wir weiter \u00fcber die Teichalm am Eibl nach T\u00fcrnitz (ehemalige Talstation Sessellift) wo wir vom Bus wieder abgeholt werden.<\/p>\n<p>Der Aufstieg zum Tirolerkogel dauert ca. 1,5 Std. Danach flach \u00fcber die Hochebene und \u00fcber den Sommerweg hinab nach \u00d6sterleinbrunn in ca. 1 Std. Der weitere Weg f\u00fchrt mal rauf mal runter zum Eibl und dann die ehemalige Schipiste oder die Forststra\u00dfe hinab nach T\u00fcrnitz in ca. 2 Std. (Ca. 4,5 Stunden gesamte Gehzeit.)<\/p>\n<p>Bitte Getr\u00e4nke mitnehmen!<\/p>\n<p>Fahrpreis:<br \/>\nErwachsene: 10, &#8211; \u20ac (Mitglieder)<br \/>\nKinder (bis 15 Jahre): gratis (Mitglieder)<\/p>\n<p>Anmeldung:&nbsp;<br \/>\nBis sp\u00e4testens 3.Oktober bei <a href=\"index.php\/ueber-uns\/kontakt\/11-manfred-altmann\">Manfred Altmann<\/a>&nbsp;<span class=\"contact-mobile\" style=\"color: #404040; font-family: Arial, Helvetica, sans-serif; font-size: 13px;\">+43 \/ 660 \/ 370 24 01<\/span><br \/>\noder <a href=\"index.php\/ueber-uns\/kontakt\/4-bettina-welke\">Bettina Welke<\/a>&nbsp;+43 \/ 676 \/ 60 18 788&nbsp;ab 19:00 \u2013 22:00 h<\/p>\n<p>Die Wanderung ist mit festen Wanderschuhen leicht zu bew\u00e4ltigen und findet bei jeder Witterung, ausgenommen bei str\u00f6mendem Regen, statt.<\/p>\n<p><strong>Wir freuen uns \u00fcber Eure Teilnahme!<\/strong><\/p>\n<p>Mit freundlichen Gr\u00fc\u00dfen<br \/>\n<em>\u00d6GV Neulengbach<\/em><\/p>\n<p>Foto: (c) Annaberger Haus&nbsp;<\/p>\n","protected":false},"excerpt":{"rendered":"<h3>\u00dcberschreitung Tirolerkogel und Eibl<br \/>inkl. Tag der offenen T\u00fcr \u00d6sterleinbrunn<\/h3>\n<p><img decoding=\"async\" class=\"pull-left lazyload\" data-src=\"images\/13558999_1707137156219341_582882573174719417_o.jpg\" alt=\"\" src=\"data:image\/svg+xml;base64,PHN2ZyB3aWR0aD0iMSIgaGVpZ2h0PSIxIiB4bWxucz0iaHR0cDovL3d3dy53My5vcmcvMjAwMC9zdmciPjwvc3ZnPg==\" \/><\/p>\n<p><strong>am Sonntag, den 7. Oktober 2018<\/strong><\/p>\n<p><strong>Abfahrt:<\/strong> 07:15 Uhr St. Christophen Br\u00fccke<br \/>07:30 St. gegen\u00fcber Bahnhaltestelle Neulengbach Stadt<br \/>(Park &amp; Ride Anlage)<\/p>\n<p><strong>R\u00fcckkunft in Neulengbach: <\/strong>ca. 17:30 &#8211; 18:00 Uhr<\/p>\n","protected":false},"author":23,"featured_media":0,"comment_status":"open","ping_status":"open","sticky":false,"template":"","format":"standard","meta":{"_acf_changed":false,"ngg_post_thumbnail":0,"footnotes":""},"categories":[360],"tags":[],"class_list":{"0":"post-3921","1":"post","2":"type-post","3":"status-publish","4":"format-standard","6":"category-news","7":"czr-hentry"},"acf":[],"amp_enabled":true,"_links":{"self":[{"href":"https:\/\/www.gebirgsverein-services.at\/gruppen\/wp-json\/wp\/v2\/posts\/3921","targetHints":{"allow":["GET"]}}],"collection":[{"href":"https:\/\/www.gebirgsverein-services.at\/gruppen\/wp-json\/wp\/v2\/posts"}],"about":[{"href":"https:\/\/www.gebirgsverein-services.at\/gruppen\/wp-json\/wp\/v2\/types\/post"}],"author":[{"embeddable":true,"href":"https:\/\/www.gebirgsverein-services.at\/gruppen\/wp-json\/wp\/v2\/users\/23"}],"replies":[{"embeddable":true,"href":"https:\/\/www.gebirgsverein-services.at\/gruppen\/wp-json\/wp\/v2\/comments?post=3921"}],"version-history":[{"count":0,"href":"https:\/\/www.gebirgsverein-services.at\/gruppen\/wp-json\/wp\/v2\/posts\/3921\/revisions"}],"wp:attachment":[{"href":"https:\/\/www.gebirgsverein-services.at\/gruppen\/wp-json\/wp\/v2\/media?parent=3921"}],"wp:term":[{"taxonomy":"category","embeddable":true,"href":"https:\/\/www.gebirgsverein-services.at\/gruppen\/wp-json\/wp\/v2\/categories?post=3921"},{"taxonomy":"post_tag","embeddable":true,"href":"https:\/\/www.gebirgsverein-services.at\/gruppen\/wp-json\/wp\/v2\/tags?post=3921"}],"curies":[{"name":"wp","href":"https:\/\/api.w.org\/{rel}","templated":true}]}}