{"id":12739,"date":"2022-02-21T15:56:47","date_gmt":"2022-02-21T14:56:47","guid":{"rendered":"http:\/\/www.gebirgsverein-services.at\/gruppen\/?p=12739"},"modified":"2022-02-21T15:56:47","modified_gmt":"2022-02-21T14:56:47","slug":"16-2-2022-vortrag-korsika","status":"publish","type":"post","link":"https:\/\/www.gebirgsverein-services.at\/gruppen\/2022\/02\/21\/16-2-2022-vortrag-korsika\/","title":{"rendered":"16.2.2022 Vortrag: Korsika"},"content":{"rendered":"<p>Gerti zeigte 16 Teilnehmerinnen ihre Fotos von Korsika. In den 3 Wochen machte sie einige sch\u00f6ne Wanderungen und besichtigte korsische St\u00e4dte und D\u00f6rfer.<\/p>\n<p><img decoding=\"async\" class=\"alignnone size-medium wp-image-12740 lazyload\" data-src=\"http:\/\/www.gebirgsverein-services.at\/gruppen\/wp-content\/uploads\/2022\/02\/P1020028-300x169.jpg\" alt=\"\" width=\"300\" height=\"169\" data-srcset=\"https:\/\/www.gebirgsverein-services.at\/gruppen\/wp-content\/uploads\/2022\/02\/P1020028-300x169.jpg 300w, https:\/\/www.gebirgsverein-services.at\/gruppen\/wp-content\/uploads\/2022\/02\/P1020028-1024x576.jpg 1024w, https:\/\/www.gebirgsverein-services.at\/gruppen\/wp-content\/uploads\/2022\/02\/P1020028-768x432.jpg 768w, https:\/\/www.gebirgsverein-services.at\/gruppen\/wp-content\/uploads\/2022\/02\/P1020028-1536x863.jpg 1536w, https:\/\/www.gebirgsverein-services.at\/gruppen\/wp-content\/uploads\/2022\/02\/P1020028-2048x1151.jpg 2048w, https:\/\/www.gebirgsverein-services.at\/gruppen\/wp-content\/uploads\/2022\/02\/P1020028-570x320.jpg 570w, https:\/\/www.gebirgsverein-services.at\/gruppen\/wp-content\/uploads\/2022\/02\/P1020028-1110x624.jpg 1110w, https:\/\/www.gebirgsverein-services.at\/gruppen\/wp-content\/uploads\/2022\/02\/P1020028-528x297.jpg 528w\" data-sizes=\"(max-width: 300px) 100vw, 300px\" src=\"data:image\/svg+xml;base64,PHN2ZyB3aWR0aD0iMSIgaGVpZ2h0PSIxIiB4bWxucz0iaHR0cDovL3d3dy53My5vcmcvMjAwMC9zdmciPjwvc3ZnPg==\" style=\"--smush-placeholder-width: 300px; --smush-placeholder-aspect-ratio: 300\/169;\" \/> <img decoding=\"async\" class=\"alignnone size-medium wp-image-12741 lazyload\" data-src=\"http:\/\/www.gebirgsverein-services.at\/gruppen\/wp-content\/uploads\/2022\/02\/P1020066-300x169.jpg\" alt=\"\" width=\"300\" height=\"169\" data-srcset=\"https:\/\/www.gebirgsverein-services.at\/gruppen\/wp-content\/uploads\/2022\/02\/P1020066-300x169.jpg 300w, https:\/\/www.gebirgsverein-services.at\/gruppen\/wp-content\/uploads\/2022\/02\/P1020066-1024x576.jpg 1024w, https:\/\/www.gebirgsverein-services.at\/gruppen\/wp-content\/uploads\/2022\/02\/P1020066-768x432.jpg 768w, https:\/\/www.gebirgsverein-services.at\/gruppen\/wp-content\/uploads\/2022\/02\/P1020066-1536x863.jpg 1536w, https:\/\/www.gebirgsverein-services.at\/gruppen\/wp-content\/uploads\/2022\/02\/P1020066-2048x1151.jpg 2048w, https:\/\/www.gebirgsverein-services.at\/gruppen\/wp-content\/uploads\/2022\/02\/P1020066-570x320.jpg 570w, https:\/\/www.gebirgsverein-services.at\/gruppen\/wp-content\/uploads\/2022\/02\/P1020066-1110x624.jpg 1110w, https:\/\/www.gebirgsverein-services.at\/gruppen\/wp-content\/uploads\/2022\/02\/P1020066-528x297.jpg 528w\" data-sizes=\"(max-width: 300px) 100vw, 300px\" src=\"data:image\/svg+xml;base64,PHN2ZyB3aWR0aD0iMSIgaGVpZ2h0PSIxIiB4bWxucz0iaHR0cDovL3d3dy53My5vcmcvMjAwMC9zdmciPjwvc3ZnPg==\" style=\"--smush-placeholder-width: 300px; --smush-placeholder-aspect-ratio: 300\/169;\" \/> <img decoding=\"async\" class=\"alignnone size-medium wp-image-12742 lazyload\" data-src=\"http:\/\/www.gebirgsverein-services.at\/gruppen\/wp-content\/uploads\/2022\/02\/P1020104-300x169.jpg\" alt=\"\" width=\"300\" height=\"169\" data-srcset=\"https:\/\/www.gebirgsverein-services.at\/gruppen\/wp-content\/uploads\/2022\/02\/P1020104-300x169.jpg 300w, https:\/\/www.gebirgsverein-services.at\/gruppen\/wp-content\/uploads\/2022\/02\/P1020104-1024x576.jpg 1024w, https:\/\/www.gebirgsverein-services.at\/gruppen\/wp-content\/uploads\/2022\/02\/P1020104-768x432.jpg 768w, https:\/\/www.gebirgsverein-services.at\/gruppen\/wp-content\/uploads\/2022\/02\/P1020104-1536x863.jpg 1536w, https:\/\/www.gebirgsverein-services.at\/gruppen\/wp-content\/uploads\/2022\/02\/P1020104-2048x1151.jpg 2048w, https:\/\/www.gebirgsverein-services.at\/gruppen\/wp-content\/uploads\/2022\/02\/P1020104-570x320.jpg 570w, https:\/\/www.gebirgsverein-services.at\/gruppen\/wp-content\/uploads\/2022\/02\/P1020104-1110x624.jpg 1110w, https:\/\/www.gebirgsverein-services.at\/gruppen\/wp-content\/uploads\/2022\/02\/P1020104-528x297.jpg 528w\" data-sizes=\"(max-width: 300px) 100vw, 300px\" src=\"data:image\/svg+xml;base64,PHN2ZyB3aWR0aD0iMSIgaGVpZ2h0PSIxIiB4bWxucz0iaHR0cDovL3d3dy53My5vcmcvMjAwMC9zdmciPjwvc3ZnPg==\" style=\"--smush-placeholder-width: 300px; --smush-placeholder-aspect-ratio: 300\/169;\" \/> <img decoding=\"async\" class=\"alignnone size-medium wp-image-12743 lazyload\" data-src=\"http:\/\/www.gebirgsverein-services.at\/gruppen\/wp-content\/uploads\/2022\/02\/P1020219-300x169.jpg\" alt=\"\" width=\"300\" height=\"169\" data-srcset=\"https:\/\/www.gebirgsverein-services.at\/gruppen\/wp-content\/uploads\/2022\/02\/P1020219-300x169.jpg 300w, https:\/\/www.gebirgsverein-services.at\/gruppen\/wp-content\/uploads\/2022\/02\/P1020219-1024x576.jpg 1024w, https:\/\/www.gebirgsverein-services.at\/gruppen\/wp-content\/uploads\/2022\/02\/P1020219-768x432.jpg 768w, https:\/\/www.gebirgsverein-services.at\/gruppen\/wp-content\/uploads\/2022\/02\/P1020219-1536x863.jpg 1536w, https:\/\/www.gebirgsverein-services.at\/gruppen\/wp-content\/uploads\/2022\/02\/P1020219-2048x1151.jpg 2048w, https:\/\/www.gebirgsverein-services.at\/gruppen\/wp-content\/uploads\/2022\/02\/P1020219-570x320.jpg 570w, https:\/\/www.gebirgsverein-services.at\/gruppen\/wp-content\/uploads\/2022\/02\/P1020219-1110x624.jpg 1110w, https:\/\/www.gebirgsverein-services.at\/gruppen\/wp-content\/uploads\/2022\/02\/P1020219-528x297.jpg 528w\" data-sizes=\"(max-width: 300px) 100vw, 300px\" src=\"data:image\/svg+xml;base64,PHN2ZyB3aWR0aD0iMSIgaGVpZ2h0PSIxIiB4bWxucz0iaHR0cDovL3d3dy53My5vcmcvMjAwMC9zdmciPjwvc3ZnPg==\" style=\"--smush-placeholder-width: 300px; --smush-placeholder-aspect-ratio: 300\/169;\" \/><\/p>\n","protected":false},"excerpt":{"rendered":"<p>Gerti zeigte 16 Teilnehmerinnen ihre Fotos von Korsika. In den 3 Wochen machte sie einige sch\u00f6ne Wanderungen und besichtigte korsische St\u00e4dte und D\u00f6rfer.<\/p>\n","protected":false},"author":11,"featured_media":0,"comment_status":"open","ping_status":"open","sticky":false,"template":"","format":"standard","meta":{"_acf_changed":false,"ngg_post_thumbnail":0,"footnotes":""},"categories":[1],"tags":[],"class_list":{"0":"post-12739","1":"post","2":"type-post","3":"status-publish","4":"format-standard","6":"category-allgemein","7":"czr-hentry"},"acf":[],"amp_enabled":true,"_links":{"self":[{"href":"https:\/\/www.gebirgsverein-services.at\/gruppen\/wp-json\/wp\/v2\/posts\/12739","targetHints":{"allow":["GET"]}}],"collection":[{"href":"https:\/\/www.gebirgsverein-services.at\/gruppen\/wp-json\/wp\/v2\/posts"}],"about":[{"href":"https:\/\/www.gebirgsverein-services.at\/gruppen\/wp-json\/wp\/v2\/types\/post"}],"author":[{"embeddable":true,"href":"https:\/\/www.gebirgsverein-services.at\/gruppen\/wp-json\/wp\/v2\/users\/11"}],"replies":[{"embeddable":true,"href":"https:\/\/www.gebirgsverein-services.at\/gruppen\/wp-json\/wp\/v2\/comments?post=12739"}],"version-history":[{"count":0,"href":"https:\/\/www.gebirgsverein-services.at\/gruppen\/wp-json\/wp\/v2\/posts\/12739\/revisions"}],"wp:attachment":[{"href":"https:\/\/www.gebirgsverein-services.at\/gruppen\/wp-json\/wp\/v2\/media?parent=12739"}],"wp:term":[{"taxonomy":"category","embeddable":true,"href":"https:\/\/www.gebirgsverein-services.at\/gruppen\/wp-json\/wp\/v2\/categories?post=12739"},{"taxonomy":"post_tag","embeddable":true,"href":"https:\/\/www.gebirgsverein-services.at\/gruppen\/wp-json\/wp\/v2\/tags?post=12739"}],"curies":[{"name":"wp","href":"https:\/\/api.w.org\/{rel}","templated":true}]}}