{"id":5205,"date":"2020-09-06T20:41:48","date_gmt":"2020-09-06T18:41:48","guid":{"rendered":"http:\/\/www.gebirgsverein-services.at\/gruppen\/?p=5205"},"modified":"2020-09-07T15:43:06","modified_gmt":"2020-09-07T13:43:06","slug":"kinderklettern-2019-20","status":"publish","type":"post","link":"http:\/\/www.gebirgsverein-services.at\/gruppen\/2020\/09\/06\/kinderklettern-2019-20\/","title":{"rendered":"Kinderklettern 2020\/21"},"content":{"rendered":"<p><strong><img decoding=\"async\" class=\"wp-image-3976 alignleft lazyload\" data-src=\"http:\/\/www.gebirgsverein-services.at\/gruppen\/wp-content\/uploads\/2019\/03\/p1040028-300x225.jpg\" alt=\"\" width=\"369\" height=\"277\" data-srcset=\"http:\/\/www.gebirgsverein-services.at\/gruppen\/wp-content\/uploads\/2019\/03\/p1040028-300x225.jpg 300w, http:\/\/www.gebirgsverein-services.at\/gruppen\/wp-content\/uploads\/2019\/03\/p1040028-768x576.jpg 768w, http:\/\/www.gebirgsverein-services.at\/gruppen\/wp-content\/uploads\/2019\/03\/p1040028-1024x768.jpg 1024w, http:\/\/www.gebirgsverein-services.at\/gruppen\/wp-content\/uploads\/2019\/03\/p1040028-570x428.jpg 570w, http:\/\/www.gebirgsverein-services.at\/gruppen\/wp-content\/uploads\/2019\/03\/p1040028.jpg 1600w\" data-sizes=\"(max-width: 369px) 100vw, 369px\" src=\"data:image\/svg+xml;base64,PHN2ZyB3aWR0aD0iMSIgaGVpZ2h0PSIxIiB4bWxucz0iaHR0cDovL3d3dy53My5vcmcvMjAwMC9zdmciPjwvc3ZnPg==\" style=\"--smush-placeholder-width: 369px; --smush-placeholder-aspect-ratio: 369\/277;\" \/><\/strong><\/p>\n<p><strong>Es geht wieder los!<\/strong><\/p>\n<p>Kletterspa\u00df f\u00fcr Kinder zwischen 6 und 10 (Anf\u00e4nger)<\/p>\n<p>Nach Aufw\u00e4rmspielen wird mit unterschiedlichen Kletterspielen das Klettern intuitiv<br \/>\nerprobt und jeder kann sich an einer kleinen Kletterwand austesten. Ein bisschen<br \/>\nSeilkunde, Knotentechnik und Klettergrundregeln stehen zwischendurch auch am<br \/>\nProgramm.<\/p>\n<p><strong>High Light ist ein Nach\/Vormittag im Freien bzw. in der Kletterhalle (wetterabh\u00e4ngig)<\/strong><\/p>\n<p>&nbsp;<\/p>\n<p>&nbsp;<\/p>\n<p><strong>Ort:<\/strong><br \/>\nGymnastikraum des Sportvereins Maria Anzbach (1. Stock)<br \/>\nEs gibt einen Umkleideraum mit versperrbaren K\u00e4stchen direkt vor dem Gymnastikraum.<\/p>\n<p><strong>Termine:<\/strong><br \/>\nNur gegen vorherige Anmeldung; begrenzte Teilnehmeranzahl!<br \/>\nEs sind 6 Kurseinheiten geplant.<\/p>\n<p><strong>Gruppe 1 (ca. 6 bis 8 J\u00e4hrige):<\/strong><br \/>\n21.09., 05.10., 19.10. 09.11., 23.11, 1x J\u00e4nner*<\/p>\n<p><strong>Gruppe 2 (ca. 8 bis 10 J\u00e4hrige):<\/strong><br \/>\n28.09., 12.10., 02.11., 16.11., 30.11., 1x J\u00e4nner*<\/p>\n<p>(*Kletterhalle: Es findet eine halbt\u00e4gige Einheit in der Kletterhalle (Weinburg) statt. N\u00e4here Informationen dazu folgen noch (Eintrittskosten sind nicht inkludiert; Anfahrt ist selbst zu organisieren.)<\/p>\n<p>Zeit: 15:30 \u2013 16:30 Uhr (60 Minuten);<br \/>\nBitte p\u00fcnktlich bringen und abholen.<\/p>\n<p><strong>Unkostenbeitrag <\/strong>(Klettersaalmiete, Leihmaterial):<br \/>\nF\u00fcr einen 5er Block:<br \/>\n\u20ac 48,- \/Kind bzw.<br \/>\n\u20ac 30,- \/Kind (f\u00fcr Alpenvereinsmitglieder)<br \/>\nBetrag bitte in der ersten\/zweiten Stunde genau mitbringen, Danke.<\/p>\n<p>Von Mitte Mai bis September gibt es an der Park&amp;Ride Anlage Neulengbach die M\u00f6glichkeit jeden Freitag (bei trockenem Wetter) von 18:00 bis 20:00 Uhr gemeinsam mit den Kindern die Kletterwand (gegen einen Unkostenbeitrag) zu benutzen. Kinder m\u00fcssen in Begleitung sein, f\u00fcr Seilsicherung ist aber gesorgt. Bitte weitersagen, wir freuen uns \u00fcber viele kleine Kletterbegeisterte (und auch \u00fcber gr\u00f6\u00dfere). Dar\u00fcber hinaus bietet die Ortgruppe Neulengbach auch einzelne Termine f\u00fcrs Klettern am Fels f\u00fcr Kinder an.<\/p>\n<p>Anmeldung unbedingt notwendig (begrenzte Pl\u00e4tze)!<br \/>\nWeitere Infos und Anmeldung bei: <a href=\"mailto:chagalla.geier@gmail.com\" target=\"_blank\" rel=\"noopener noreferrer\">Katharina Wagner<\/a><\/p>\n<p>Mitzubringen:<br \/>\n&#8211; Gymnastikpatschen (KEINE Schuhe mit schwarzer Sohle!!!)<br \/>\n&#8211; Trinkflasche<br \/>\n&#8211; Turngewand (Leggins, kurz\u00e4rmeliges T-Shirt)<br \/>\n&#8211; Bitte s\u00e4mtlichen Schmuck (Halsketten etc.) gleich zu Hause lassen (Verletzungsgefahr).<\/p>\n<p>Verhalten w\u00e4hrend des Kurses:<br \/>\nAus Sicherheitsgr\u00fcnden m\u00fcssen verschiedene Regeln von den Kindern eingehalten<br \/>\nwerden, die den Kindern zu Beginn des Kurses erkl\u00e4rt werden (z.B. die rote Linie darf<br \/>\nungesichert nicht \u00fcberklettert werden; Kein unbeaufsichtigtes Klettern)<br \/>\nVon folgenden Grundregeln wird ausgegangen:<br \/>\n&#8211; bei der Gruppe bleiben<br \/>\n&#8211; den Anordnungen der Aufsichtsperson ist unbedingt Folge zu leisten.<br \/>\nBei Nichteinhaltung der Regeln wird gegebenenfalls R\u00fccksprache mit den Eltern<br \/>\ngehalten um die weitere Vorgehensweise zu besprechen.<\/p>\n<div id='gallery-1' class='czr-gallery row flex-row czr-gallery-style gallery galleryid-5205 gallery-columns-5 gallery-size-thumbnail'><figure class='gallery-item col col-auto'>\r\n                        <div class='gallery-icon landscape czr-gallery-icon'>\r\n                              <img decoding=\"async\" width=\"150\" height=\"150\" data-src=\"http:\/\/www.gebirgsverein-services.at\/gruppen\/wp-content\/uploads\/2019\/03\/p1040014-150x150.jpg\" class=\"attachment-thumbnail size-thumbnail no-lazy lazyload\" alt=\"\" data-sizes=\"(min-width: 1200px) 198px, (min-width: 992px) 162px, (min-width: 768px) 114px, (min-width: 576px) 105px, calc( 50vw - 30px )\" data-srcset=\"http:\/\/www.gebirgsverein-services.at\/gruppen\/wp-content\/uploads\/2019\/03\/p1040014-150x150.jpg 150w, http:\/\/www.gebirgsverein-services.at\/gruppen\/wp-content\/uploads\/2019\/03\/p1040014-510x510.jpg 510w\" src=\"data:image\/svg+xml;base64,PHN2ZyB3aWR0aD0iMSIgaGVpZ2h0PSIxIiB4bWxucz0iaHR0cDovL3d3dy53My5vcmcvMjAwMC9zdmciPjwvc3ZnPg==\" style=\"--smush-placeholder-width: 150px; --smush-placeholder-aspect-ratio: 150\/150;\" \/><div class=\"post-action btn btn-skin-dark-shaded inverted\"><a href=\"http:\/\/www.gebirgsverein-services.at\/gruppen\/wp-content\/uploads\/2019\/03\/p1040014.jpg\" class=\"icn-expand\" data-lb-type=\"grouped-gallery\"><\/a><\/div>\r\n                        <\/div><\/figure><figure class='gallery-item col col-auto'>\r\n                        <div class='gallery-icon landscape czr-gallery-icon'>\r\n                              <img decoding=\"async\" width=\"150\" height=\"150\" data-src=\"http:\/\/www.gebirgsverein-services.at\/gruppen\/wp-content\/uploads\/2019\/03\/p1040011-150x150.jpg\" class=\"attachment-thumbnail size-thumbnail no-lazy lazyload\" alt=\"\" data-sizes=\"(min-width: 1200px) 198px, (min-width: 992px) 162px, (min-width: 768px) 114px, (min-width: 576px) 105px, calc( 50vw - 30px )\" data-srcset=\"http:\/\/www.gebirgsverein-services.at\/gruppen\/wp-content\/uploads\/2019\/03\/p1040011-150x150.jpg 150w, http:\/\/www.gebirgsverein-services.at\/gruppen\/wp-content\/uploads\/2019\/03\/p1040011-510x510.jpg 510w\" src=\"data:image\/svg+xml;base64,PHN2ZyB3aWR0aD0iMSIgaGVpZ2h0PSIxIiB4bWxucz0iaHR0cDovL3d3dy53My5vcmcvMjAwMC9zdmciPjwvc3ZnPg==\" style=\"--smush-placeholder-width: 150px; --smush-placeholder-aspect-ratio: 150\/150;\" \/><div class=\"post-action btn btn-skin-dark-shaded inverted\"><a href=\"http:\/\/www.gebirgsverein-services.at\/gruppen\/wp-content\/uploads\/2019\/03\/p1040011.jpg\" class=\"icn-expand\" data-lb-type=\"grouped-gallery\"><\/a><\/div>\r\n                        <\/div><\/figure><figure class='gallery-item col col-auto'>\r\n                        <div class='gallery-icon landscape czr-gallery-icon'>\r\n                              <img decoding=\"async\" width=\"150\" height=\"150\" data-src=\"http:\/\/www.gebirgsverein-services.at\/gruppen\/wp-content\/uploads\/2019\/03\/p1040008-150x150.jpg\" class=\"attachment-thumbnail size-thumbnail no-lazy lazyload\" alt=\"\" data-sizes=\"(min-width: 1200px) 198px, (min-width: 992px) 162px, (min-width: 768px) 114px, (min-width: 576px) 105px, calc( 50vw - 30px )\" data-srcset=\"http:\/\/www.gebirgsverein-services.at\/gruppen\/wp-content\/uploads\/2019\/03\/p1040008-150x150.jpg 150w, http:\/\/www.gebirgsverein-services.at\/gruppen\/wp-content\/uploads\/2019\/03\/p1040008-510x510.jpg 510w\" src=\"data:image\/svg+xml;base64,PHN2ZyB3aWR0aD0iMSIgaGVpZ2h0PSIxIiB4bWxucz0iaHR0cDovL3d3dy53My5vcmcvMjAwMC9zdmciPjwvc3ZnPg==\" style=\"--smush-placeholder-width: 150px; --smush-placeholder-aspect-ratio: 150\/150;\" \/><div class=\"post-action btn btn-skin-dark-shaded inverted\"><a href=\"http:\/\/www.gebirgsverein-services.at\/gruppen\/wp-content\/uploads\/2019\/03\/p1040008.jpg\" class=\"icn-expand\" data-lb-type=\"grouped-gallery\"><\/a><\/div>\r\n                        <\/div><\/figure><figure class='gallery-item col col-auto'>\r\n                        <div class='gallery-icon landscape czr-gallery-icon'>\r\n                              <img decoding=\"async\" width=\"150\" height=\"150\" data-src=\"http:\/\/www.gebirgsverein-services.at\/gruppen\/wp-content\/uploads\/2019\/03\/p1040007-150x150.jpg\" class=\"attachment-thumbnail size-thumbnail no-lazy lazyload\" alt=\"\" data-sizes=\"(min-width: 1200px) 198px, (min-width: 992px) 162px, (min-width: 768px) 114px, (min-width: 576px) 105px, calc( 50vw - 30px )\" data-srcset=\"http:\/\/www.gebirgsverein-services.at\/gruppen\/wp-content\/uploads\/2019\/03\/p1040007-150x150.jpg 150w, http:\/\/www.gebirgsverein-services.at\/gruppen\/wp-content\/uploads\/2019\/03\/p1040007-510x510.jpg 510w\" src=\"data:image\/svg+xml;base64,PHN2ZyB3aWR0aD0iMSIgaGVpZ2h0PSIxIiB4bWxucz0iaHR0cDovL3d3dy53My5vcmcvMjAwMC9zdmciPjwvc3ZnPg==\" style=\"--smush-placeholder-width: 150px; --smush-placeholder-aspect-ratio: 150\/150;\" \/><div class=\"post-action btn btn-skin-dark-shaded inverted\"><a href=\"http:\/\/www.gebirgsverein-services.at\/gruppen\/wp-content\/uploads\/2019\/03\/p1040007.jpg\" class=\"icn-expand\" data-lb-type=\"grouped-gallery\"><\/a><\/div>\r\n                        <\/div><\/figure><figure class='gallery-item col col-auto'>\r\n                        <div class='gallery-icon landscape czr-gallery-icon'>\r\n                              <img decoding=\"async\" width=\"150\" height=\"150\" data-src=\"http:\/\/www.gebirgsverein-services.at\/gruppen\/wp-content\/uploads\/2019\/03\/p1040002-150x150.jpg\" class=\"attachment-thumbnail size-thumbnail no-lazy lazyload\" alt=\"\" data-sizes=\"(min-width: 1200px) 198px, (min-width: 992px) 162px, (min-width: 768px) 114px, (min-width: 576px) 105px, calc( 50vw - 30px )\" data-srcset=\"http:\/\/www.gebirgsverein-services.at\/gruppen\/wp-content\/uploads\/2019\/03\/p1040002-150x150.jpg 150w, http:\/\/www.gebirgsverein-services.at\/gruppen\/wp-content\/uploads\/2019\/03\/p1040002-510x510.jpg 510w\" src=\"data:image\/svg+xml;base64,PHN2ZyB3aWR0aD0iMSIgaGVpZ2h0PSIxIiB4bWxucz0iaHR0cDovL3d3dy53My5vcmcvMjAwMC9zdmciPjwvc3ZnPg==\" style=\"--smush-placeholder-width: 150px; --smush-placeholder-aspect-ratio: 150\/150;\" \/><div class=\"post-action btn btn-skin-dark-shaded inverted\"><a href=\"http:\/\/www.gebirgsverein-services.at\/gruppen\/wp-content\/uploads\/2019\/03\/p1040002.jpg\" class=\"icn-expand\" data-lb-type=\"grouped-gallery\"><\/a><\/div>\r\n                        <\/div><\/figure><figure class='gallery-item col col-auto'>\r\n                        <div class='gallery-icon landscape czr-gallery-icon'>\r\n                              <img decoding=\"async\" width=\"150\" height=\"150\" data-src=\"http:\/\/www.gebirgsverein-services.at\/gruppen\/wp-content\/uploads\/2019\/03\/p1040029-150x150.jpg\" class=\"attachment-thumbnail size-thumbnail no-lazy lazyload\" alt=\"\" data-sizes=\"(min-width: 1200px) 198px, (min-width: 992px) 162px, (min-width: 768px) 114px, (min-width: 576px) 105px, calc( 50vw - 30px )\" data-srcset=\"http:\/\/www.gebirgsverein-services.at\/gruppen\/wp-content\/uploads\/2019\/03\/p1040029-150x150.jpg 150w, http:\/\/www.gebirgsverein-services.at\/gruppen\/wp-content\/uploads\/2019\/03\/p1040029-510x510.jpg 510w\" src=\"data:image\/svg+xml;base64,PHN2ZyB3aWR0aD0iMSIgaGVpZ2h0PSIxIiB4bWxucz0iaHR0cDovL3d3dy53My5vcmcvMjAwMC9zdmciPjwvc3ZnPg==\" style=\"--smush-placeholder-width: 150px; --smush-placeholder-aspect-ratio: 150\/150;\" \/><div class=\"post-action btn btn-skin-dark-shaded inverted\"><a href=\"http:\/\/www.gebirgsverein-services.at\/gruppen\/wp-content\/uploads\/2019\/03\/p1040029.jpg\" class=\"icn-expand\" data-lb-type=\"grouped-gallery\"><\/a><\/div>\r\n                        <\/div><\/figure><figure class='gallery-item col col-auto'>\r\n                        <div class='gallery-icon landscape czr-gallery-icon'>\r\n                              <img decoding=\"async\" width=\"150\" height=\"150\" data-src=\"http:\/\/www.gebirgsverein-services.at\/gruppen\/wp-content\/uploads\/2019\/03\/p1040028-1-150x150.jpg\" class=\"attachment-thumbnail size-thumbnail no-lazy lazyload\" alt=\"\" data-sizes=\"(min-width: 1200px) 198px, (min-width: 992px) 162px, (min-width: 768px) 114px, (min-width: 576px) 105px, calc( 50vw - 30px )\" data-srcset=\"http:\/\/www.gebirgsverein-services.at\/gruppen\/wp-content\/uploads\/2019\/03\/p1040028-1-150x150.jpg 150w, http:\/\/www.gebirgsverein-services.at\/gruppen\/wp-content\/uploads\/2019\/03\/p1040028-1-510x510.jpg 510w\" src=\"data:image\/svg+xml;base64,PHN2ZyB3aWR0aD0iMSIgaGVpZ2h0PSIxIiB4bWxucz0iaHR0cDovL3d3dy53My5vcmcvMjAwMC9zdmciPjwvc3ZnPg==\" style=\"--smush-placeholder-width: 150px; --smush-placeholder-aspect-ratio: 150\/150;\" \/><div class=\"post-action btn btn-skin-dark-shaded inverted\"><a href=\"http:\/\/www.gebirgsverein-services.at\/gruppen\/wp-content\/uploads\/2019\/03\/p1040028-1.jpg\" class=\"icn-expand\" data-lb-type=\"grouped-gallery\"><\/a><\/div>\r\n                        <\/div><\/figure><figure class='gallery-item col col-auto'>\r\n                        <div class='gallery-icon portrait czr-gallery-icon'>\r\n                              <img decoding=\"async\" width=\"150\" height=\"150\" data-src=\"http:\/\/www.gebirgsverein-services.at\/gruppen\/wp-content\/uploads\/2019\/03\/p1040024-e1552493689589-150x150.jpg\" class=\"attachment-thumbnail size-thumbnail no-lazy lazyload\" alt=\"\" data-sizes=\"(min-width: 1200px) 198px, (min-width: 992px) 162px, (min-width: 768px) 114px, (min-width: 576px) 105px, calc( 50vw - 30px )\" data-srcset=\"http:\/\/www.gebirgsverein-services.at\/gruppen\/wp-content\/uploads\/2019\/03\/p1040024-e1552493689589-150x150.jpg 150w, http:\/\/www.gebirgsverein-services.at\/gruppen\/wp-content\/uploads\/2019\/03\/p1040024-e1552493689589-510x510.jpg 510w\" src=\"data:image\/svg+xml;base64,PHN2ZyB3aWR0aD0iMSIgaGVpZ2h0PSIxIiB4bWxucz0iaHR0cDovL3d3dy53My5vcmcvMjAwMC9zdmciPjwvc3ZnPg==\" style=\"--smush-placeholder-width: 150px; --smush-placeholder-aspect-ratio: 150\/150;\" \/><div class=\"post-action btn btn-skin-dark-shaded inverted\"><a href=\"http:\/\/www.gebirgsverein-services.at\/gruppen\/wp-content\/uploads\/2019\/03\/p1040024-e1552493689589.jpg\" class=\"icn-expand\" data-lb-type=\"grouped-gallery\"><\/a><\/div>\r\n                        <\/div><\/figure><figure class='gallery-item col col-auto'>\r\n                        <div class='gallery-icon landscape czr-gallery-icon'>\r\n                              <img decoding=\"async\" width=\"150\" height=\"150\" data-src=\"http:\/\/www.gebirgsverein-services.at\/gruppen\/wp-content\/uploads\/2019\/03\/p1040022-150x150.jpg\" class=\"attachment-thumbnail size-thumbnail no-lazy lazyload\" alt=\"\" data-sizes=\"(min-width: 1200px) 198px, (min-width: 992px) 162px, (min-width: 768px) 114px, (min-width: 576px) 105px, calc( 50vw - 30px )\" data-srcset=\"http:\/\/www.gebirgsverein-services.at\/gruppen\/wp-content\/uploads\/2019\/03\/p1040022-150x150.jpg 150w, http:\/\/www.gebirgsverein-services.at\/gruppen\/wp-content\/uploads\/2019\/03\/p1040022-510x510.jpg 510w\" src=\"data:image\/svg+xml;base64,PHN2ZyB3aWR0aD0iMSIgaGVpZ2h0PSIxIiB4bWxucz0iaHR0cDovL3d3dy53My5vcmcvMjAwMC9zdmciPjwvc3ZnPg==\" style=\"--smush-placeholder-width: 150px; --smush-placeholder-aspect-ratio: 150\/150;\" \/><div class=\"post-action btn btn-skin-dark-shaded inverted\"><a href=\"http:\/\/www.gebirgsverein-services.at\/gruppen\/wp-content\/uploads\/2019\/03\/p1040022.jpg\" class=\"icn-expand\" data-lb-type=\"grouped-gallery\"><\/a><\/div>\r\n                        <\/div><\/figure><figure class='gallery-item col col-auto'>\r\n                        <div class='gallery-icon landscape czr-gallery-icon'>\r\n                              <img decoding=\"async\" width=\"150\" height=\"150\" data-src=\"http:\/\/www.gebirgsverein-services.at\/gruppen\/wp-content\/uploads\/2019\/03\/p1040028-150x150.jpg\" class=\"attachment-thumbnail size-thumbnail no-lazy lazyload\" alt=\"\" data-sizes=\"(min-width: 1200px) 198px, (min-width: 992px) 162px, (min-width: 768px) 114px, (min-width: 576px) 105px, calc( 50vw - 30px )\" data-srcset=\"http:\/\/www.gebirgsverein-services.at\/gruppen\/wp-content\/uploads\/2019\/03\/p1040028-150x150.jpg 150w, http:\/\/www.gebirgsverein-services.at\/gruppen\/wp-content\/uploads\/2019\/03\/p1040028-510x510.jpg 510w\" src=\"data:image\/svg+xml;base64,PHN2ZyB3aWR0aD0iMSIgaGVpZ2h0PSIxIiB4bWxucz0iaHR0cDovL3d3dy53My5vcmcvMjAwMC9zdmciPjwvc3ZnPg==\" style=\"--smush-placeholder-width: 150px; --smush-placeholder-aspect-ratio: 150\/150;\" \/><div class=\"post-action btn btn-skin-dark-shaded inverted\"><a href=\"http:\/\/www.gebirgsverein-services.at\/gruppen\/wp-content\/uploads\/2019\/03\/p1040028.jpg\" class=\"icn-expand\" data-lb-type=\"grouped-gallery\"><\/a><\/div>\r\n                        <\/div><\/figure>\r\n                  <\/div>\n\n<p>&nbsp;<\/p>\n","protected":false},"excerpt":{"rendered":"<p>Es geht wieder los! Kletterspa\u00df f\u00fcr Kinder zwischen 6 und 10 (Anf\u00e4nger) Nach Aufw\u00e4rmspielen wird mit unterschiedlichen Kletterspielen das Klettern intuitiv erprobt und jeder kann sich an einer kleinen Kletterwand austesten. Ein bisschen Seilkunde, Knotentechnik und Klettergrundregeln stehen zwischendurch auch am Programm. High Light ist ein Nach\/Vormittag im Freien bzw. in der Kletterhalle (wetterabh\u00e4ngig) &nbsp; [&hellip;]<\/p>\n","protected":false},"author":23,"featured_media":0,"comment_status":"open","ping_status":"open","sticky":false,"template":"","format":"standard","meta":{"_acf_changed":false,"ngg_post_thumbnail":0,"footnotes":""},"categories":[360],"tags":[],"class_list":{"0":"post-5205","1":"post","2":"type-post","3":"status-publish","4":"format-standard","6":"category-news","7":"czr-hentry"},"acf":[],"amp_enabled":true,"_links":{"self":[{"href":"http:\/\/www.gebirgsverein-services.at\/gruppen\/wp-json\/wp\/v2\/posts\/5205","targetHints":{"allow":["GET"]}}],"collection":[{"href":"http:\/\/www.gebirgsverein-services.at\/gruppen\/wp-json\/wp\/v2\/posts"}],"about":[{"href":"http:\/\/www.gebirgsverein-services.at\/gruppen\/wp-json\/wp\/v2\/types\/post"}],"author":[{"embeddable":true,"href":"http:\/\/www.gebirgsverein-services.at\/gruppen\/wp-json\/wp\/v2\/users\/23"}],"replies":[{"embeddable":true,"href":"http:\/\/www.gebirgsverein-services.at\/gruppen\/wp-json\/wp\/v2\/comments?post=5205"}],"version-history":[{"count":0,"href":"http:\/\/www.gebirgsverein-services.at\/gruppen\/wp-json\/wp\/v2\/posts\/5205\/revisions"}],"wp:attachment":[{"href":"http:\/\/www.gebirgsverein-services.at\/gruppen\/wp-json\/wp\/v2\/media?parent=5205"}],"wp:term":[{"taxonomy":"category","embeddable":true,"href":"http:\/\/www.gebirgsverein-services.at\/gruppen\/wp-json\/wp\/v2\/categories?post=5205"},{"taxonomy":"post_tag","embeddable":true,"href":"http:\/\/www.gebirgsverein-services.at\/gruppen\/wp-json\/wp\/v2\/tags?post=5205"}],"curies":[{"name":"wp","href":"https:\/\/api.w.org\/{rel}","templated":true}]}}